{"id":1829,"date":"2025-08-15T07:28:07","date_gmt":"2025-08-15T04:28:07","guid":{"rendered":"https:\/\/www.nutrific.ro\/blog\/?p=1829"},"modified":"2025-08-15T07:28:09","modified_gmt":"2025-08-15T04:28:09","slug":"top-5-suplimente-nutrific-esentiale-vara-aceasta","status":"publish","type":"post","link":"https:\/\/www.nutrific.ro\/blog\/top-5-suplimente-nutrific-esentiale-vara-aceasta\/","title":{"rendered":"Top 5 suplimente Nutrific esen\u021biale vara aceasta \u2013 ce nu ar trebui s\u0103 lipseasc\u0103 din bagajul t\u0103u"},"content":{"rendered":"\n<p><strong>Vara<\/strong> este anotimpul bucuriei, al vacan\u021belor prelungite pline de vitalitate \u0219i bun\u0103 dispozi\u021bie, dar \u0219i al provoc\u0103rilor pentru corpul t\u0103u. Soarele, desi arz\u0103tor \u00een orele amiezii, este un bun motiv pentru a ie\u0219i mai des din cas\u0103. Vacan\u021bele au rolul de a re\u00eencarca emo\u021bional, iar sezonul estival este, f\u0103r\u0103 \u00eendoial\u0103, un sezon al libert\u0103\u021bii \u0219i reconect\u0103rii cu propriul corp \u0219i cu energia vie\u021bii. Aceast\u0103 perioad\u0103 vine \u0219i cu provoc\u0103ri subtile pentru organism, iar unele dintre ele pot fi trecute u\u0219or cu vederea dac\u0103 nu li se acord\u0103 importan\u021ba cuvenit\u0103.<\/p>\n\n\n\n<p><strong>Transpira\u021bia abundent\u0103,<\/strong> <strong>schimb\u0103rile de rutin\u0103, mesele neregulate, expunerea \u00eendelungat\u0103 la soare<\/strong> \u0219i chiar <strong>c\u0103l\u0103toriile frecvente<\/strong> pot afecta starea de bine, <strong>digestia, nivelul de energie<\/strong> sau <strong>echilibrul mineral al organismului<\/strong>. De\u0219i vara pare sinonim\u0103 cu s\u0103n\u0103tatea, realitatea este c\u0103 multe persoane se confrunt\u0103 cu o serie de simptome precum:<\/p>\n\n\n\n<ul class=\"wp-block-list\">\n<li>oboseal\u0103 inexplicabil\u0103 sau senza\u021bie de epuizare la temperaturi ridicate;<\/li>\n\n\n\n<li>balonare \u0219i disconfort digestiv cauzat de alimenta\u021bie dezechilibrat\u0103;<\/li>\n\n\n\n<li>inflama\u021bii sau dureri articulare mai accentuate dup\u0103 activit\u0103\u021bi fizice;<\/li>\n\n\n\n<li>piele deshidratat\u0103 \u0219i sensibil\u0103 \u00een urma expunerii la soare;<\/li>\n\n\n\n<li>lips\u0103 de motiva\u021bie sau dificult\u0103\u021bi de concentrare din cauza stresului termic.<\/li>\n<\/ul>\n\n\n\n<p>Mai ales acum, \u00een <strong>sezonul cald<\/strong>, organismul are nevoie de o \u00eengrijire proactiv\u0103. Pe l\u00e2ng\u0103 <strong>alimenta\u021bie s\u0103n\u0103toas\u0103<\/strong>, <strong>activitate fizic\u0103 bl\u00e2nd\u0103<\/strong> \u0219i <strong>odihn\u0103<\/strong> de calitate, <strong>suplimentele naturale pot fi un sprijin real<\/strong> pentru a trece peste var\u0103 cu un <strong>corp puternic<\/strong>, o <strong>digestie echilibrat\u0103<\/strong> \u0219i o <strong>stare mental\u0103 clar\u0103<\/strong>.<\/p>\n\n\n\n<p>\u00cen r\u00e2ndurile de mai jos am preg\u0103tit recomand\u0103rile a <strong>cinci suplimente esen\u021biale din gama Nutrific<\/strong> care merit\u0103 s\u0103 fie folosite vara aceasta. Fiecare dintre acestea r\u0103spunde unei nevoi concrete care apare frecvent \u00een sezonul estival. Suplimentele pezentate au fost selectate pentru eficien\u021b\u0103, siguran\u021b\u0103 \u0219i formul\u0103 curat\u0103, adaptat\u0103 unui stil de via\u021b\u0103 s\u0103n\u0103tos.<\/p>\n\n\n\n<h2 class=\"wp-block-heading\"><strong>Motive pentru care \u0219i vara sunt utile suplimentele alimentare<\/strong><\/h2>\n\n\n\n<p>Multe persoane au tendin\u021ba s\u0103 cread\u0103 c\u0103 vara, pentru c\u0103 se consum\u0103 mai multe fructe \u0219i legume \u0219i se petrece mai mult timp afar\u0103, organismul nu mai are nevoie de suplimente. Realitatea este pu\u021bin diferit\u0103. Organismul uman este supus unor mecanisme de adaptare la c\u0103ldur\u0103, care consum\u0103 resurse importante, iar acestea trebuie sus\u021binute.<\/p>\n\n\n\n<h3 class=\"wp-block-heading\"><strong>Pierderi de nutrien\u021bi prin transpira\u021bie<\/strong><\/h3>\n\n\n\n<p><strong>Temperaturile ridicate<\/strong> determin\u0103 transpira\u021bie mai abundent\u0103, ceea ce duce la pierderi semnificative de <strong>minerale esen\u021biale<\/strong> (magneziu, potasiu, zinc), dar \u0219i de <strong>antioxidan\u021bi<\/strong>, care sunt implica\u021bi \u00een protec\u021bia celular\u0103. Acest <strong>dezechilibru<\/strong> poate duce la apari\u021bia <strong>crampelor musculare<\/strong>, la <strong>oboseal\u0103 accentuat\u0103<\/strong> sau chiar <strong>tulbur\u0103ri ale ritmului cardiac<\/strong>.<\/p>\n\n\n\n<p>Un studiu publicat \u00een 2021 \u00een \u201d<em>Journal of the International Society of Sports Nutrition\u201d<\/em>arat\u0103 c\u0103 nivelul sc\u0103zut de minerale \u00een perioadele caniculare influen\u021beaz\u0103 negativ performan\u021ba fizic\u0103 \u0219i capacitatea de termoreglare a organismului.<\/p>\n\n\n\n<h3 class=\"wp-block-heading\"><strong>Alimenta\u021bie neregulat\u0103 sau dezechilibrat\u0103<\/strong><\/h3>\n\n\n\n<p>Vara, majoritatea celor pleca\u021bi \u00een concedii tinde s\u0103 m\u0103n\u00e2nce mai pu\u021bin sau mai dezordonat, fie din lips\u0103 de timp, fie pentru c\u0103 temperaturile ridicate scad pofta de m\u00e2ncare. \u00cen plus, consumul de alimente necorespunz\u0103toare (fast-food, dulciuri reci, sucuri carbogazoase, etc.) poate afecta digestia \u0219i flora intestinal\u0103. Suplimentele potrivite pot sus\u021bine sistemul digestiv \u0219i pot preveni acumularea de toxine sau balon\u0103rile frecvente.<\/p>\n\n\n\n<h3 class=\"wp-block-heading\"><strong>Stres termic \u0219i inflama\u021bii interne<\/strong><\/h3>\n\n\n\n<p><strong>C\u0103ldura excesiv\u0103<\/strong> cre\u0219te nivelul de <strong>stres oxidativ<\/strong>, adic\u0103 dezechilibrul dintre radicalii liberi \u0219i antioxidan\u021bi. Acest stres oxidativ poate agrava inflama\u021biile deja existente \u00een corp (articulare, cutanate, vasculare) \u0219i accelereaz\u0103 procesele de \u00eemb\u0103tr\u00e2nire celular\u0103. De exemplu, <strong>Shilajit <\/strong>\u0219i<strong> Omega 3<\/strong> sunt suplimente recunoscute pentru <strong>rolul lor antioxidant <\/strong>\u0219i<strong> antiinflamator natural<\/strong>, fiind recomandate \u00een special vara pentru <strong>sus\u021binerea sistemului cardiovascular<\/strong> \u0219i a s\u0103n\u0103t\u0103\u021bii creierului.<\/p>\n\n\n\n<h3 class=\"wp-block-heading\"><strong>Este adev\u0103rat c\u0103 expunerea la soare influen\u021beaz\u0103 sinteza vitaminei D, dar nu suficient<\/strong><\/h3>\n\n\n\n<p>Da, vara vine cu mai mult\u0103 lumin\u0103 solar\u0103, dar <strong>nu toat\u0103 lumea sintetizeaz\u0103 suficient\u0103 vitamina D<\/strong>, mai ales dac\u0103 se folose\u0219te crem\u0103 cu SPF sau se evit\u0103 soarele de teama bronzului puternic. \u00cen plus, <strong>vitamina D <\/strong>trebuie \u00eenso\u021bit\u0103 de<strong> vitamina K2<\/strong>, pentru a fi corect absorbit\u0103 \u0219i distribuit\u0103 c\u0103tre oase \u0219i nu c\u0103tre vasele de s\u00e2nge.<\/p>\n\n\n\n<h3 class=\"wp-block-heading\"><strong>C\u0103l\u0103toriile sunt excelente pentru starea de spirit, dar vin cu riscuri digestive \u0219i solicit\u0103ri fizice<\/strong><\/h3>\n\n\n\n<p>Vacan\u021bele vin cu bucurie, dar \u0219i cu situa\u021bii imprevizibile: ap\u0103 \u0219i m\u00e2ncare diferite, somn dereglat, program haotic, activit\u0103\u021bi mai intense dec\u00e2t de obicei. Suplimentele adaptate acestor provoc\u0103ri, cum ar fi <strong>c\u0103rbunele activ<\/strong> sau <strong>colagenul pentru articula\u021bii<\/strong>, pot face diferen\u021ba \u00eentre un concediu relaxant \u0219i unul bazat pe disconfort.<\/p>\n\n\n\n<p>A\u0219adar, vara nu \u00eenseamn\u0103 renun\u021bare la suplimente, ci adaptarea inteligent\u0103 a acestora la sezonul estival \u0219i la propriul stil de via\u021b\u0103.<\/p>\n\n\n\n<h2 class=\"wp-block-heading\"><strong>C\u0103rbune activ poate fi aliatul perfect al celor care c\u0103l\u0103toresc, precum \u0219i al gurmanzilor<\/strong><\/h2>\n\n\n\n<p><strong>C\u0103rbunele activ<\/strong> este unul dintre cele mai cunoscute \u0219i utilizate <strong>suplimente pentru sus\u021binerea digestiei<\/strong>. Vara, acest supliment devine un adev\u0103rat erou al bagajului de vacan\u021b\u0103. Datorit\u0103 <strong>capacit\u0103\u021bii sale de a absorbi toxine, gaze \u0219i substan\u021be nedorite din tubul digestiv<\/strong>, este de nelipsit \u00een caz de modific\u0103ri alimentare, mese copioase sau disconfort abdominal.<\/p>\n\n\n\n<h3 class=\"wp-block-heading\"><strong>Ce reprezint\u0103 c\u0103rbunele activ<\/strong><\/h3>\n\n\n\n<p>C\u0103rbunele active este o form\u0103 special\u0103 de carbon, procesat\u0103 pentru a avea o <strong>suprafa\u021b\u0103 poroas\u0103 foarte mare<\/strong> (1 gram de c\u0103rbune activ poate avea o suprafa\u021b\u0103 de absorb\u021bie de p\u00e2n\u0103 la 3.000 m\u00b2). Acest lucru \u00eel face eficient \u00een legarea \u0219i eliminarea substan\u021belor nocive sau fermentate din tubul digestiv, f\u0103r\u0103 a fi absorbit de organism.<\/p>\n\n\n\n<h3 class=\"wp-block-heading\"><strong>De ce \u0219i c\u00e2nd este c\u0103rbunele activ util vara<\/strong><\/h3>\n\n\n\n<h4 class=\"wp-block-heading\"><strong>Schimb\u0103ri \u00een alimenta\u021bie \u0219i \u00een nivelul de hidratare<\/strong><\/h4>\n\n\n\n<p>C\u00e2nd vine vorba de c\u0103l\u0103torii, m\u00e2ncat pe fug\u0103, combina\u021bii alimente nepotrivite sau consumul de ap\u0103 din surse nesigure, c\u0103rbunele activ are rolul de a reduce simptomele nepl\u0103cute precum balonarea, flatulen\u021ba, crampele sau grea\u021ba u\u0219oar\u0103.<\/p>\n\n\n\n<h4 class=\"wp-block-heading\"><strong>Mese mai bogate \u00een gr\u0103simi<\/strong> (gr\u0103tare, fast food, dulciuri reci, pr\u0103jeli)<\/h4>\n\n\n\n<p>Chiar dac\u0103 sunt gustoase, acestea \u00eencetinesc digestia \u0219i pot fermenta \u00een intestin. C\u0103rbunele ac\u021bioneaz\u0103 ca un absorbant natural al gazelor \u0219i substan\u021belor iritante. Nu uita c\u0103 nu tot ce este gustos este \u0219i s\u0103n\u0103tos!<\/p>\n\n\n\n<h4 class=\"wp-block-heading\"><strong>C\u0103l\u0103torii cu avionul, ma\u0219ina sau autocarul<\/strong><\/h4>\n\n\n\n<p>Acest tip de deplas\u0103ri pot accentua disconfortul digestiv. Administrarea de c\u0103rbune activ \u00eenainte de drum ajut\u0103 la prevenirea balon\u0103rii \u0219i a st\u0103rii de grea\u021b\u0103.<\/p>\n\n\n\n<h3 class=\"wp-block-heading\"><strong>Recomandarea Nutrific \u2013 C\u0103rbune Activ Formula PRO<\/strong><\/h3>\n\n\n\n<p>Aceast\u0103 nou\u0103 formul\u0103 de <strong>c\u0103rbune activ de la Nutrific<\/strong> se bazeaz\u0103 pe beneficiile a trei ingrediente active (c\u0103rbune activat, ulei de anason verde, ulei de ment\u0103) \u00eentr-o capsul\u0103 moale, u\u0219or de \u00eenghi\u021bit, care ac\u021bioneaz\u0103 rapid \u00een reducerea flatulen\u021bei \u0219i a eructa\u021biilor.<\/p>\n\n\n<div class=\"wp-block-image\">\n<figure class=\"aligncenter size-full\"><img fetchpriority=\"high\" decoding=\"async\" width=\"700\" height=\"400\" src=\"https:\/\/www.nutrific.ro\/blog\/wp-content\/uploads\/2022\/12\/carbune-activ-Nutrific-remediu-antibalonare.png\" alt=\"\" class=\"wp-image-1137\" srcset=\"https:\/\/www.nutrific.ro\/blog\/wp-content\/uploads\/2022\/12\/carbune-activ-Nutrific-remediu-antibalonare.png 700w, https:\/\/www.nutrific.ro\/blog\/wp-content\/uploads\/2022\/12\/carbune-activ-Nutrific-remediu-antibalonare-300x171.png 300w, https:\/\/www.nutrific.ro\/blog\/wp-content\/uploads\/2022\/12\/carbune-activ-Nutrific-remediu-antibalonare-585x334.png 585w\" sizes=\"(max-width: 700px) 100vw, 700px\" \/><\/figure>\n<\/div>\n\n\n<p><a href=\"https:\/\/www.nutrific.ro\/carbune-activ-formula-pro-30-capsule-moi\" target=\"_blank\" rel=\"noreferrer noopener\"><strong>C\u0103rbunele medicinal Formula PRO&nbsp;NUTRIFIC<\/strong><\/a><strong>&nbsp;<\/strong>este un <strong>supliment complex<\/strong> cu o formul\u0103 de c\u0103rbune activat atent studiat\u0103 de c\u0103tre echipa de cercetare Nutrific, care ac\u021bioneaz\u0103 eficient \u00een reducerea balon\u0103rii prin absorb\u021bia gazelor intestinale. Excesul de gaze din sistemul digestiv, \u00een special \u00een intestin, poart\u0103 denumirea de aerofagie sau meteorism \u0219i vine \u00eenso\u021bit de o senza\u021bie de umflare abdominal\u0103, presiune \u00een stomac, disconfort \u0219i durere, zgomote abdominale \u0219i nevoia de a elimina excesul de gaze.<\/p>\n\n\n\n<p><a href=\"https:\/\/www.nutrific.ro\/carbune-activ-formula-pro-30-capsule-moi\" target=\"_blank\" rel=\"noreferrer noopener\"><strong>C\u0103rbunele activat Nutrific<\/strong><\/a>&nbsp;este \u00een prezent cel mai puternic absorbant natural. Are capacitatea de a fixa pe suprafa\u021ba sa diverse substan\u021be precum toxine, gaze \u0219i bacterii. \u00cen balonarea intestinal\u0103 ac\u021bioneaz\u0103 la dou\u0103 niveluri: asupra gazelor, absorbindu-le \u0219i eliminandu-le \u0219i asupra bacteriilor care produc gazele.<\/p>\n\n\n\n<p>Ajut\u0103 la suprimarea respira\u021biei ur\u00e2t mirositoare cauzat\u0103 \u00een principal de fermenta\u021bia intestinal\u0103 prea puternic\u0103 \u0219i este eficient in caz de diaree, printr-un mecanism de absorbtie intestinala a apei si inactivare a toxinelor si microorganismelor patogene prezente in intestin.<\/p>\n\n\n<div class=\"wp-block-image\">\n<figure class=\"aligncenter size-full\"><img decoding=\"async\" width=\"1000\" height=\"600\" src=\"https:\/\/www.nutrific.ro\/blog\/wp-content\/uploads\/2025\/08\/Top-5-suplimente-Nutrific-esentiale-vara-aceasta-\u2013-ce-nu-ar-trebui-sa-lipseasca-din-bagajul-tau.png\" alt=\"Top 5 suplimente Nutrific esen\u021biale vara aceasta \u2013 ce nu ar trebui s\u0103 lipseasc\u0103 din bagajul t\u0103u\" class=\"wp-image-1834\" title=\"Top 5 suplimente Nutrific esen\u021biale vara aceasta \u2013 ce nu ar trebui s\u0103 lipseasc\u0103 din bagajul t\u0103u\" srcset=\"https:\/\/www.nutrific.ro\/blog\/wp-content\/uploads\/2025\/08\/Top-5-suplimente-Nutrific-esentiale-vara-aceasta-\u2013-ce-nu-ar-trebui-sa-lipseasca-din-bagajul-tau.png 1000w, https:\/\/www.nutrific.ro\/blog\/wp-content\/uploads\/2025\/08\/Top-5-suplimente-Nutrific-esentiale-vara-aceasta-\u2013-ce-nu-ar-trebui-sa-lipseasca-din-bagajul-tau-300x180.png 300w, https:\/\/www.nutrific.ro\/blog\/wp-content\/uploads\/2025\/08\/Top-5-suplimente-Nutrific-esentiale-vara-aceasta-\u2013-ce-nu-ar-trebui-sa-lipseasca-din-bagajul-tau-768x461.png 768w, https:\/\/www.nutrific.ro\/blog\/wp-content\/uploads\/2025\/08\/Top-5-suplimente-Nutrific-esentiale-vara-aceasta-\u2013-ce-nu-ar-trebui-sa-lipseasca-din-bagajul-tau-585x351.png 585w\" sizes=\"(max-width: 1000px) 100vw, 1000px\" \/><\/figure>\n<\/div>\n\n\n<p><strong>Cite\u0219te \u0219i articolul:<\/strong> <a href=\"https:\/\/www.nutrific.ro\/blog\/balonarea-simptome-cauze-si-remedii\/\" target=\"_blank\" rel=\"noreferrer noopener\">Balonarea \u2013 simptome, cauze \u0219i remedii<\/a><\/p>\n\n\n\n<p>Iat\u0103 ce spun c\u00e2\u021biva dintre cei care l-au \u00eencercat:<\/p>\n\n\n\n<blockquote class=\"wp-block-quote is-layout-flow wp-block-quote-is-layout-flow\">\n<p><em>\u201d\u00cen ultima perioad\u0103, am un disconfort abdominal. De c\u00e2nd am descoperit acest produs care odat\u0103 administrat ac\u021bioneaz\u0103 rapid, m\u0103 simt mult mai bine! Mul\u021bumesc, Nutrific!\u201d<\/em> (Cristian)<\/p>\n<\/blockquote>\n\n\n\n<blockquote class=\"wp-block-quote is-layout-flow wp-block-quote-is-layout-flow\">\n<p><em>\u201dLuat dup\u0103 fiecare mas\u0103 reduce senza\u021bia de gaz \u00een stomac \u0219i \u00een colon. Potole\u0219te \u0219i durerile de burta.\u201d <\/em>(Marius)<\/p>\n<\/blockquote>\n\n\n\n<blockquote class=\"wp-block-quote is-layout-flow wp-block-quote-is-layout-flow\">\n<p><em>\u201dRecomand, l-am testat \u0219i func\u021bioneaz\u0103 optim!\u201d<\/em> (Marinela)<\/p>\n<\/blockquote>\n\n\n\n<h2 class=\"wp-block-heading\"><strong>Vitamina D3 + K2, echilibru pentru oase \u0219i sus\u021binut\u0103r al imunit\u0103\u021bii, chiar \u0219i vara<\/strong><\/h2>\n\n\n\n<p>Mul\u021bi obi\u0219nuiesc s\u0103 asocieze <strong>vitamina D3<\/strong> cu sezonul rece, c\u00e2nd lipsa expunerii la soare determin\u0103 caren\u021be evidente. Cu toate acestea, <strong>vara nu garanteaz\u0103 un aport optim de vitamina D<\/strong>, ba dimpotriv\u0103, obiceiurile moderne \u0219i folosirea corect\u0103 a cremelor cu factor de protec\u021bie pot \u00eempiedica sinteza acestei vitamine esen\u021biale. A\u0219adar, chiar dac\u0103 soarele e prezent, vitamina D poate lipsi.<\/p>\n\n\n\n<p><strong>Vitamina D3<\/strong> este sintetizat\u0103 de piele atunci c\u00e2nd aceasta este expus\u0103 la razele UVB. Totu\u0219i, \u00een realitate, multe persoane petrec mare parte din zi \u00een<strong> spa\u021bii \u00eenchise<\/strong> (la birou, \u00een ma\u0219in\u0103, \u00een mall, etc.), aplic\u0103 <strong>creme cu SPF<\/strong> (ceea ce este benefic pentru piele, dar reduce sinteza vitaminei D), evit\u0103 expunerea direct\u0103 la soare din cauza riscului de arsuri sau pete pigmentare, iar \u00een ora\u0219ele poluate, <strong>filtrarea natural\u0103 a luminii UVB este mai intens\u0103<\/strong>.<\/p>\n\n\n\n<p>Un studiu publicat \u00een 2020 \u00een \u201d<em>Nutrients\u201d<\/em>arat\u0103 c\u0103, \u00een Europa, aproape <strong>40%<\/strong> dintre adul\u021bi au niveluri insuficiente de vitamina D chiar \u0219i \u00een lunile de var\u0103.<\/p>\n\n\n\n<h3 class=\"wp-block-heading\"><strong>De ce este important\u0103 combina\u021bia D3 + K2<\/strong><\/h3>\n\n\n\n<p><strong>Vitamina D3<\/strong> ajut\u0103 la absorb\u021bia calciului, dar <strong>f\u0103r\u0103 vitamina K2<\/strong>, acesta se poate depune \u00een artere, nu \u00een oase, ceea ce poate duce, \u00een timp, la calcifieri nedorite. K2 (\u00een forma MK-7) ghideaz\u0103 calciul exact acolo unde e nevoie: \u00een oase \u0219i din\u021bi.<\/p>\n\n\n\n<p>Aceast\u0103 combina\u021bie <strong>sus\u021bine s\u0103n\u0103tatea oaselor \u0219i a din\u021bilor<\/strong>, <strong>\u00eent\u0103re\u0219te imunitatea<\/strong>, inclusiv \u00een fa\u021ba infec\u021biilor respiratorii (da, \u0219i vara!), <strong>are efecte pozitive asupra st\u0103rii de spirit<\/strong>, mai ales \u00een perioadele cu oboseal\u0103 sau dezechilibru emo\u021bional.<\/p>\n\n\n\n<p><strong>Beneficii suplimentare:<\/strong><\/p>\n\n\n\n<ul class=\"wp-block-list\">\n<li>scade inflama\u021bia cronic\u0103 \u0219i reduce riscul unor boli degenerative;<\/li>\n\n\n\n<li>sus\u021bine func\u021bia cardiovascular\u0103;<\/li>\n\n\n\n<li>ajut\u0103 la prevenirea deficitului care afecteaz\u0103 musculatura \u0219i starea de energie.<\/li>\n<\/ul>\n\n\n\n<p><strong>Recomandarea Nutrific este suplimentul <\/strong><a href=\"https:\/\/www.nutrific.ro\/vitamina-d3-2000ui-si-k2-75mcg-optim-30-capsule-vegetale\" target=\"_blank\" rel=\"noreferrer noopener\"><strong>Vitamina D3 + K2 OPTIM<\/strong><\/a><strong> <\/strong>special formulat pentru absorb\u021bie optim\u0103 \u0219i stabilitate, fiind ideal de inclus \u00een rutina zilnic\u0103 chiar \u0219i \u00een lunile de var\u0103. Un singur comprimat pe zi poate face o diferen\u021b\u0103 real\u0103 pentru starea de bine.<\/p>\n\n\n<div class=\"wp-block-image\">\n<figure class=\"aligncenter size-full\"><a href=\"https:\/\/www.nutrific.ro\/vitamina-d3-2000ui-si-k2-75mcg-optim-30-capsule-vegetale\" target=\"_blank\" rel=\" noreferrer noopener\"><img decoding=\"async\" width=\"500\" height=\"500\" src=\"https:\/\/www.nutrific.ro\/blog\/wp-content\/uploads\/2025\/03\/Comanda-ACUM-suplimentul-Nutrific-10.png\" alt=\"\" class=\"wp-image-1727\" srcset=\"https:\/\/www.nutrific.ro\/blog\/wp-content\/uploads\/2025\/03\/Comanda-ACUM-suplimentul-Nutrific-10.png 500w, https:\/\/www.nutrific.ro\/blog\/wp-content\/uploads\/2025\/03\/Comanda-ACUM-suplimentul-Nutrific-10-300x300.png 300w, https:\/\/www.nutrific.ro\/blog\/wp-content\/uploads\/2025\/03\/Comanda-ACUM-suplimentul-Nutrific-10-150x150.png 150w, https:\/\/www.nutrific.ro\/blog\/wp-content\/uploads\/2025\/03\/Comanda-ACUM-suplimentul-Nutrific-10-220x220.png 220w, https:\/\/www.nutrific.ro\/blog\/wp-content\/uploads\/2025\/03\/Comanda-ACUM-suplimentul-Nutrific-10-80x80.png 80w\" sizes=\"(max-width: 500px) 100vw, 500px\" \/><\/a><\/figure>\n<\/div>\n\n\n<p><strong>Cite\u0219te \u0219i articolul: <\/strong><a href=\"https:\/\/www.nutrific.ro\/blog\/vitamina-d-vitamina-soarelui\/\" target=\"_blank\" rel=\"noreferrer noopener\">Vitamina D \u2013 Vitamina soarelui, o surs\u0103 esen\u021bial\u0103 de s\u0103n\u0103tate<\/a><\/p>\n\n\n\n<h2 class=\"wp-block-heading\"><strong>Shilajit \u2013 energie, rezisten\u021b\u0103 la efort \u0219i protec\u021bie antioxidant\u0103<\/strong><\/h2>\n\n\n\n<p>Vara, de\u0219i pare anotimpul relax\u0103rii, poate deveni o provocare pentru organism: <strong>oboseal\u0103 cronic\u0103<\/strong>, <strong>dificult\u0103\u021bi de adaptare la c\u0103ldur\u0103<\/strong>, <strong>lips\u0103 de motiva\u021bie<\/strong> sau <strong>epuizare <\/strong>dup\u0103 activit\u0103\u021bi \u00een aer liber. Aici intervine <strong>Shilajitul<\/strong>, acest <strong>adaptogen puternic<\/strong>, ideal pentru sus\u021binerea vitalit\u0103\u021bii fizice \u0219i mentale \u00een perioadele \u00een care resursele interne sunt suprasolicitate.<\/p>\n\n\n\n<p>Shilajitul este o <strong>substan\u021b\u0103 natural\u0103 de culoare \u00eenchis\u0103<\/strong>, asem\u0103n\u0103toare r\u0103\u0219inii, care se formeaz\u0103 prin descompunerea lent\u0103 a materiei vegetale \u00een fisurile st\u00e2ncilor din zonele muntoase (\u00een special Himalaya, Altai, Caucaz). Este cunoscut de mii de ani \u00een medicina ayurvedic\u0103 drept un <strong>elixir al longevit\u0103\u021bii<\/strong> \u0219i al regener\u0103rii celulare. Mul\u021bi speciali\u0219ti \u00eel descriu ca fiind <strong>cel mai complex supliment natural cunoscut<\/strong>, oferind o sus\u021binere complet\u0103: de la energie celular\u0103 \u0219i imunitate p\u00e2n\u0103 la echilibru hormonal \u0219i protec\u021bie anti-\u00eemb\u0103tr\u00e2nire.<\/p>\n\n\n\n<p>Shilajitul este bogat \u00een <strong>acizi fulvici \u0219i humici<\/strong>, care ajut\u0103 la absorb\u021bia \u0219i transportul mineralelor, <strong>oligoelemente esen\u021biale<\/strong> (zinc, magneziu, fier, seleniu), compu\u0219i cu efect antioxidant \u0219i antiinflamator.<\/p>\n\n\n<div class=\"wp-block-image\">\n<figure class=\"aligncenter size-full\"><a href=\"https:\/\/www.nutrific.ro\/shilajit-original-rasina-mumio-100-pura-50gr\" target=\"_blank\" rel=\" noreferrer noopener\"><img loading=\"lazy\" decoding=\"async\" width=\"500\" height=\"500\" src=\"https:\/\/www.nutrific.ro\/blog\/wp-content\/uploads\/2025\/02\/Comanda-ACUM-suplimentul-Nutrific-2.png\" alt=\"\" class=\"wp-image-1667\" srcset=\"https:\/\/www.nutrific.ro\/blog\/wp-content\/uploads\/2025\/02\/Comanda-ACUM-suplimentul-Nutrific-2.png 500w, https:\/\/www.nutrific.ro\/blog\/wp-content\/uploads\/2025\/02\/Comanda-ACUM-suplimentul-Nutrific-2-300x300.png 300w, https:\/\/www.nutrific.ro\/blog\/wp-content\/uploads\/2025\/02\/Comanda-ACUM-suplimentul-Nutrific-2-150x150.png 150w, https:\/\/www.nutrific.ro\/blog\/wp-content\/uploads\/2025\/02\/Comanda-ACUM-suplimentul-Nutrific-2-220x220.png 220w, https:\/\/www.nutrific.ro\/blog\/wp-content\/uploads\/2025\/02\/Comanda-ACUM-suplimentul-Nutrific-2-80x80.png 80w\" sizes=\"(max-width: 500px) 100vw, 500px\" \/><\/a><\/figure>\n<\/div>\n\n\n<h3 class=\"wp-block-heading\"><strong>De ce Shilajit este ideal \u0219i vara<\/strong><\/h3>\n\n\n\n<ul class=\"wp-block-list\">\n<li><strong>Reduce oboseala cronic\u0103 \u0219i epuizarea<\/strong> oferind un <em>boost<\/em> de energie f\u0103r\u0103 efect stimulant, prin sus\u021binerea produc\u021biei de ATP (energia celular\u0103);<\/li>\n\n\n\n<li><strong>\u00cembun\u0103t\u0103\u021be\u0219te rezisten\u021ba fizic\u0103<\/strong> fiind perfect pentru pentru persoanele active care practic\u0103 drume\u021biile, mersul pe munte \u0219i sporturile \u00een aer liber;<\/li>\n\n\n\n<li><strong>Ajut\u0103 la reechilibrarea mineral\u0103<\/strong> prin con\u021binutul de minerale chelate u\u0219or absorbabile, importante dup\u0103 transpira\u021bie intense;<\/li>\n\n\n\n<li><strong>Are efect adaptogen<\/strong> \u0219i ajut\u0103 organismul s\u0103 fac\u0103 fa\u021b\u0103 mai bine stresului termic \u0219i oxidativ;<\/li>\n\n\n\n<li><strong>Sus\u021bine concentrarea \u0219i echilibrul emo\u021bional<\/strong> fiind ideal \u00een perioadele de iritabilitate sau confuzie mental\u0103 generate de c\u0103ldura excesiv\u0103.<\/li>\n<\/ul>\n\n\n\n<p><strong>Recomandarea Nutrific este suplimentul <\/strong><a href=\"https:\/\/www.nutrific.ro\/suplimente\/shilajit\" target=\"_blank\" rel=\"noreferrer noopener\"><strong>Shilajit Original<\/strong><\/a><strong>, <\/strong>un produs de calitate superioar\u0103, purificat \u0219i testat, sub form\u0103 de r\u0103\u0219in\u0103, o alegere inspirat\u0103 pentru oricine dore\u0219te s\u0103 treac\u0103 vara cu mai mult\u0103 energie, claritate mental\u0103 \u0219i un organism mai bine adaptat la stres.<\/p>\n\n\n\n<p><strong>Cite\u0219te \u0219i articolul:<\/strong> <a href=\"https:\/\/www.nutrific.ro\/blog\/shilajit-sau-rasina-miracol-a-naturii-un-supliment-esential-pentru-sanatate-si-vitalitate\/\" target=\"_blank\" rel=\"noreferrer noopener\">Shilajit \u2013 un supliment esen\u021bial pentru vitalitate \u0219i s\u0103n\u0103tate<\/a><\/p>\n\n\n\n<h2 class=\"wp-block-heading\"><strong>Omega 3 este un antiinflamator natural, benefic pentru inim\u0103, creier \u0219i piele<\/strong><\/h2>\n\n\n\n<p>Pu\u021bini sunt cei care \u0219tiu c\u0103 <strong>acizii gra\u0219i Omega 3<\/strong> nu sunt benefici doar pentru inim\u0103 \u0219i sistemul nervos, ci joac\u0103 un rol esen\u021bial \u0219i \u00een <strong>protec\u021bia pielii expuse la soare<\/strong>, \u00een <strong>reducerea inflama\u021biei<\/strong> \u0219i \u00een <strong>men\u021binerea unui echilibru emo\u021bional stabil<\/strong>, aspecte extrem de importante \u00een sezonul estival.<\/p>\n\n\n\n<p><strong>Acizii gra\u0219i Omega 3 <\/strong>sunt gr\u0103simi esen\u021biale pe care <strong>corpul nu le poate produce singur<\/strong> \u0219i care trebuie ob\u021binute din <strong>alimenta\u021bie<\/strong> sau <strong>suplimente<\/strong>. Cele mai valoroase forme sunt <strong>EPA (acid eicosapentaenoic)<\/strong>, cu efecte antiinflamatorii \u0219i cardiovasculare<strong> \u0219i DHA (acid docosahexaenoic)<\/strong>, important pentru func\u021bia cerebral\u0103 \u0219i s\u0103n\u0103tatea ochilor.<\/p>\n\n\n\n<p><strong>Organiza\u021bia Mondial\u0103 a S\u0103n\u0103t\u0103\u021bii<\/strong> recomand\u0103 un aport zilnic de cel pu\u021bin 250-500 mg de EPA \u0219i DHA pentru adul\u021bi, cantitate greu de atins prin diet\u0103 \u00een mod constant, mai ales vara c\u00e2nd alimenta\u021bia devine mai u\u0219oar\u0103 \u0219i mai s\u0103rac\u0103 \u00een pe\u0219te gras.<\/p>\n\n\n\n<h3 class=\"wp-block-heading\"><strong>De ce acizii gra\u0219i Omega 3 sunt esen\u021biali vara<\/strong><\/h3>\n\n\n\n<ul class=\"wp-block-list\">\n<li><strong>Protejeaz\u0103 pielea \u00eempotriva inflama\u021biei provocate de soare<\/strong>. Omega 3 reduce r\u0103spunsul inflamator \u0219i sus\u021bine regenerarea celular\u0103, fiind un adev\u0103rat <em>\u201cscut invizibil\u201d<\/em> pentru piele;<\/li>\n\n\n\n<li><strong>Sus\u021bin sistemul cardiovascular<\/strong> c\u0103ci \u00een perioadele caniculare, inima este mai solicitat\u0103, iar Omega 3 contribuie la reglarea tensiunii arteriale \u0219i la fluidizarea s\u00e2ngelui;<\/li>\n\n\n\n<li><strong>\u00cembun\u0103t\u0103\u021besc starea de spirit \u0219i combat anxietatea<\/strong>. Un aport optim de Omega 3 este asociat cu reducerea iritabilit\u0103\u021bii, depresiei sezoniere \u0219i oboselii mentale. Un meta-studiu publicat \u00een 2016 \u00een \u201d<em>Translational Psychiatry\u201d<\/em> a concluzionat c\u0103 suplimentarea cu Omega 3 (\u00een special EPA) are un efect semnificativ asupra reducerii simptomelor de anxietate, inclusiv \u00een popula\u021bia s\u0103n\u0103toas\u0103;<\/li>\n\n\n\n<li><strong>Sus\u021bin imunitatea<\/strong> \u0219i reduc riscul inflama\u021biilor cronice, frecvente \u00een perioada cald\u0103.<\/li>\n<\/ul>\n\n\n\n<p>Alte beneficii importante ar fi c\u0103 <strong>\u00eent\u00e2rzie \u00eemb\u0103tr\u00e2nirea pielii<\/strong> (prin men\u021binerea elasticit\u0103\u021bii), <strong>contribuie la men\u021binerea s\u0103n\u0103t\u0103\u021bii ochilor<\/strong> (benefic \u00een expunerea frecvent\u0103 la lumin\u0103 puternic\u0103), <strong>ajut\u0103 la echilibrarea hormonal\u0103<\/strong> (important mai ales pentru femei \u00een perioade sensibile).<\/p>\n\n\n<div class=\"wp-block-image\">\n<figure class=\"aligncenter size-full\"><img loading=\"lazy\" decoding=\"async\" width=\"700\" height=\"400\" src=\"https:\/\/www.nutrific.ro\/blog\/wp-content\/uploads\/2022\/12\/Omega-3-6-si-9.png\" alt=\"\" class=\"wp-image-1142\" srcset=\"https:\/\/www.nutrific.ro\/blog\/wp-content\/uploads\/2022\/12\/Omega-3-6-si-9.png 700w, https:\/\/www.nutrific.ro\/blog\/wp-content\/uploads\/2022\/12\/Omega-3-6-si-9-300x171.png 300w, https:\/\/www.nutrific.ro\/blog\/wp-content\/uploads\/2022\/12\/Omega-3-6-si-9-585x334.png 585w\" sizes=\"(max-width: 700px) 100vw, 700px\" \/><\/figure>\n<\/div>\n\n\n<p><strong>Recomandarea Nutrific este <\/strong><a href=\"https:\/\/www.nutrific.ro\/omega-3-1000mg-din-ulei-de-peste\" target=\"_blank\" rel=\"noreferrer noopener\"><strong>suplimentul alimentar Omega 3 1000 mg din ulei de pe\u0219te<\/strong><\/a><strong> <\/strong>&#8211; alegerea ideal\u0103 pentru vara aceasta, at\u00e2t pentru persoanele cu piele sensibil\u0103 sau care sufer\u0103 din pricina stresului, c\u00e2t \u0219i pentru cele care vor s\u0103 \u00ee\u0219i protejeze s\u0103n\u0103tatea cardiovascular\u0103 \u00een mod natural.<\/p>\n\n\n<div class=\"wp-block-image\">\n<figure class=\"aligncenter size-full\"><a href=\"https:\/\/www.nutrific.ro\/omega-3-1000mg-din-ulei-de-peste\" target=\"_blank\" rel=\" noreferrer noopener\"><img loading=\"lazy\" decoding=\"async\" width=\"500\" height=\"500\" src=\"https:\/\/www.nutrific.ro\/blog\/wp-content\/uploads\/2025\/08\/Omega-3-supliment-Nutrific.png\" alt=\"\" class=\"wp-image-1832\" srcset=\"https:\/\/www.nutrific.ro\/blog\/wp-content\/uploads\/2025\/08\/Omega-3-supliment-Nutrific.png 500w, https:\/\/www.nutrific.ro\/blog\/wp-content\/uploads\/2025\/08\/Omega-3-supliment-Nutrific-300x300.png 300w, https:\/\/www.nutrific.ro\/blog\/wp-content\/uploads\/2025\/08\/Omega-3-supliment-Nutrific-150x150.png 150w, https:\/\/www.nutrific.ro\/blog\/wp-content\/uploads\/2025\/08\/Omega-3-supliment-Nutrific-220x220.png 220w, https:\/\/www.nutrific.ro\/blog\/wp-content\/uploads\/2025\/08\/Omega-3-supliment-Nutrific-80x80.png 80w\" sizes=\"(max-width: 500px) 100vw, 500px\" \/><\/a><\/figure>\n<\/div>\n\n\n<p><strong>Cite\u0219te \u0219i articolul:<\/strong> <a href=\"https:\/\/www.nutrific.ro\/blog\/care-sunt-beneficiile-acizilor-grasi-omega-3-6-9\/\" target=\"_blank\" rel=\"noreferrer noopener\">Care sunt beneficiile acizilor gra\u0219i Omega 3 \u2013 6 &#8211; 9<\/a><\/p>\n\n\n\n<h2 class=\"wp-block-heading\"><strong>Colagen \u2013 frumuse\u021be, articula\u021bii \u0219i elasticitate pentru piele pe timp de var\u0103<\/strong><\/h2>\n\n\n\n<p>Vara este sezonul \u00een care pielea este expus\u0103 constant: la soare, la v\u00e2nt, la ap\u0103 s\u0103rat\u0103 sau clor din piscine. \u00cen acela\u0219i timp, este perioada \u00een care ne mi\u0219c\u0103m mai mult, de la plimb\u0103ri lungi \u0219i drume\u021bii, p\u00e2n\u0103 la sporturi u\u0219oare sau dansuri \u00een aer liber. Toate aceste activit\u0103\u021bi solicit\u0103 structurile de colagen din corp, iar suplimentarea devine un gest esen\u021bial de preven\u021bie \u0219i \u00eentre\u021binere.<\/p>\n\n\n\n<p>Colagenul este <strong>cea mai abundent\u0103 protein\u0103 din corp<\/strong>, fiind esen\u021bial\u0103 pentru elasticitatea \u0219i fermitatea pielii, s\u0103n\u0103tatea articula\u021biilor \u0219i a ligamentelor, \u00eent\u0103rirea unghiilor \u0219i a p\u0103rului, men\u021binerea \u021besuturilor conjunctive (inclusiv ale organelor interne). Pe m\u0103sur\u0103 ce \u00eenaint\u0103m \u00een v\u00e2rst\u0103 <strong>sinteza natural\u0103 de colagen scade<\/strong>, iar expunerea la soare accelereaz\u0103 acest proces.<\/p>\n\n\n\n<h3 class=\"wp-block-heading\"><strong>De ce e colagenul esen\u021bial vara<\/strong><\/h3>\n\n\n\n<ul class=\"wp-block-list\">\n<li><strong>Previne deshidratarea \u0219i \u00eemb\u0103tr\u00e2nirea prematur\u0103 a pielii<\/strong>, p\u0103streaz\u0103 elasticitatea \u0219i tonusul pielii expuse la soare;<\/li>\n\n\n\n<li><strong>Sprijin\u0103 refacerea \u021besuturilor dup\u0103 arsuri u\u0219oare, zg\u00e2rieturi sau b\u0103\u0219ici<\/strong> (frecvente \u00een vacan\u021be);<\/li>\n\n\n\n<li><strong>Sus\u021bine articula\u021biile<\/strong> fiind perfect pentru drume\u021bii, alergare pe plaj\u0103 sau activit\u0103\u021bi care pun presiune pe genunchi \u0219i \u0219olduri;<\/li>\n\n\n\n<li><strong>Contribuie la regenerarea p\u0103rului \u0219i unghiilor<\/strong>, afectate adesea de c\u0103ldur\u0103, ap\u0103 s\u0103rat\u0103 sau schimb\u0103rile hormonale de sezon.<\/li>\n<\/ul>\n\n\n\n<p><a href=\"https:\/\/www.nutrific.ro\/colagen-400mg-60-capsule\" target=\"_blank\" rel=\"noreferrer noopener\"><strong>Colagen 400 mg de la Nutrific<\/strong><\/a> este formulat pentru <strong>absorb\u021bie crescut\u0103<\/strong> \u0219i are o compozi\u021bie curat\u0103, f\u0103r\u0103 aditivi inutili. Este ideal pentru oricine \u00ee\u0219i dore\u0219te s\u0103 men\u021bin\u0103 pielea frumoas\u0103, articula\u021biile flexibile \u0219i s\u0103 previn\u0103 efectele d\u0103un\u0103toare ale soarelui asupra \u021besuturilor conjunctive.<\/p>\n\n\n<div class=\"wp-block-image\">\n<figure class=\"aligncenter size-full\"><a href=\"https:\/\/www.nutrific.ro\/colagen-400mg-60-capsule\" target=\"_blank\" rel=\" noreferrer noopener\"><img loading=\"lazy\" decoding=\"async\" width=\"500\" height=\"500\" src=\"https:\/\/www.nutrific.ro\/blog\/wp-content\/uploads\/2025\/03\/Colagen-de-la-Nutrific.png\" alt=\"\" class=\"wp-image-1715\" srcset=\"https:\/\/www.nutrific.ro\/blog\/wp-content\/uploads\/2025\/03\/Colagen-de-la-Nutrific.png 500w, https:\/\/www.nutrific.ro\/blog\/wp-content\/uploads\/2025\/03\/Colagen-de-la-Nutrific-300x300.png 300w, https:\/\/www.nutrific.ro\/blog\/wp-content\/uploads\/2025\/03\/Colagen-de-la-Nutrific-150x150.png 150w, https:\/\/www.nutrific.ro\/blog\/wp-content\/uploads\/2025\/03\/Colagen-de-la-Nutrific-220x220.png 220w, https:\/\/www.nutrific.ro\/blog\/wp-content\/uploads\/2025\/03\/Colagen-de-la-Nutrific-80x80.png 80w\" sizes=\"(max-width: 500px) 100vw, 500px\" \/><\/a><\/figure>\n<\/div>\n\n\n<p><strong>Cite\u0219te \u0219i articolul:<\/strong> <a href=\"https:\/\/www.nutrific.ro\/blog\/durerile-articulare-nu-iau-pauza-vara\/\" target=\"_blank\" rel=\"noreferrer noopener\">Durerile articulare nu iau pauz\u0103 vara \u2013 Cum te ajut\u0103 suplimentele Nutrific s\u0103 te bucuri de mi\u0219care f\u0103r\u0103 durere<\/a><\/p>\n\n\n\n<h2 class=\"wp-block-heading\"><strong>Cum pot fi integrate corect \u00een rutina zilnic\u0103 de var\u0103 suplimentele de mai sus<\/strong><\/h2>\n\n\n\n<p>\u00cen <strong>sezonul cald<\/strong>, corpul func\u021bioneaz\u0103 diferit: <strong>metabolismul este mai accelerat<\/strong>, <strong>digestia poate fi mai sensibil\u0103<\/strong>, iar <strong>ritmul circadian se modific\u0103<\/strong> u\u0219or. De aceea, modul \u00een care sunt administrate suplimentele este la fel de important ca alegerea lor. Iat\u0103 c\u00e2teva recomand\u0103ri esen\u021biale pentru integrarea celor <strong>cinci suplimente Nutrific<\/strong> \u00een rutina estival\u0103:<\/p>\n\n\n\n<p><strong>Diminea\u021ba<\/strong> pare a fi momentul ideal pentru echilibru \u0219i energie a\u0219a c\u0103 se pot lua:<\/p>\n\n\n\n<p><strong>Shilajit<\/strong> &#8211; <strong>pe stomacul gol<\/strong>, de preferat cu ap\u0103 cald\u0103 sau ceai (busuioc, ghimbir). Shilajitul are efect energizant bl\u00e2nd, \u00eembun\u0103t\u0103\u021be\u0219te concentrarea \u0219i rezisten\u021ba fizic\u0103, iar pentru un plus de vitalitate poate fi combinat cu o linguri\u021b\u0103 de miere.<\/p>\n\n\n\n<p><strong>Vitamina D3+K2<\/strong> poate fi administrat\u0103 <strong>\u00een timpul micului dejun<\/strong>, cu alimente care con\u021bin gr\u0103simi s\u0103n\u0103toase (avocado, ulei de m\u0103sline, ou). Diminea\u021ba este cel mai bun moment pentru a sus\u021bine sinteza natural\u0103 a vitaminei D \u0219i pentru a evita interferen\u021ba cu al\u021bi nutrien\u021bi. Este important s\u0103 nu o asociezi cu suplimente de calciu \u00een acela\u0219i moment al zilei.<\/p>\n\n\n\n<p><strong>Colagenul<\/strong> poate fi administrat tot <strong>diminea\u021ba, <\/strong>fie \u00eenainte de mas\u0103, fie odat\u0103 cu micul dejun. Asocierea cu <strong>vitamina C<\/strong> spore\u0219te eficien\u021ba sintezei colagenului propriu.<\/p>\n\n\n\n<p><strong>Momentul pr\u00e2nzului<\/strong> este potrivit pentru sus\u021binerea digestiv\u0103 sau cardiovascular\u0103, a\u0219a c\u0103, \u00een timpul mesei, poate fi administrat <strong>suplimentul Omega 3<\/strong>. La nevoie sau ocazional, ca sprijin pentru digestie, poate fi luat <strong>c\u0103rbunele activ<\/strong> (la 1-2 ore dup\u0103 o mas\u0103 grea sau \u00een caz de balonare\/disconfort). De asemenea, poate fi folosit \u00eenainte de drumuri lungi pentru a preveni balonarea.<\/p>\n\n\n\n<p><strong>Sfaturi de urmat:<\/strong><\/p>\n\n\n\n<ul class=\"wp-block-list\">\n<li><strong>Nu se vor lua mai multe suplimente simultan pe stomacul gol<\/strong>, cu excep\u021bia celor recomandate (Shilajit, colagen);<\/li>\n\n\n\n<li><strong>Se va evita consumul de cafea imediat dup\u0103 administrarea suplimentelor<\/strong>, mai ales \u00een cazul colagenului, pentru c\u0103 poate afecta absorb\u021bia;<\/li>\n\n\n\n<li><strong>Nu se vor combina Omega 3 cu c\u0103rbune activ<\/strong>, ci se vor l\u0103sa minimum 3 ore \u00eentre ele;<\/li>\n\n\n\n<li><strong>Hidratarea este cheia<\/strong> absorb\u021biei nutrien\u021bilor.<\/li>\n<\/ul>\n\n\n\n<h2 class=\"wp-block-heading\"><strong>E\u0219ti de acord c\u0103 vara e mai frumoas\u0103 c\u00e2nd te sim\u021bi bine \u00een pielea ta?<\/strong><\/h2>\n\n\n\n<p>Vara nu \u00eenseamn\u0103 doar vacan\u021be de vis \u0219i fotografii instagramabile. Este \u0219i un test pentru echilibrul interior, pentru momentele \u00een care organismul are nevoie de sprijin real, nu doar de creme cu SPF \u0219i ap\u0103 cu l\u0103m\u00e2ie. Fiecare zi canicular\u0103, fiecare noapte agitat\u0103, fiecare mas\u0103 luat\u0103 pe fug\u0103 las\u0103 urme, vizibile sau invizibile. Suplimentele alimentare nu sunt un moft, sunt un gest de grij\u0103 fa\u021b\u0103 de propria persoan\u0103, o form\u0103 de preven\u021bie inteligent\u0103. Atunci c\u00e2nd sunt alese corect \u0219i luate cu responsabilitate, ele devin un partener discret, dar valoros, \u00een men\u021binerea s\u0103n\u0103t\u0103\u021bii \u0219i energiei, indiferent de sezon. A\u0219adar, <strong>cele 5 suplimente esen\u021biale de la Nutrific<\/strong>, C\u0103rbune activ, Vitamina D3 + K2, Shilajit, Omega 3 \u0219i Colagen pot face diferen\u021ba dintre o var\u0103 obositoare \u0219i una \u00een care armonia \u0219i echilibrul sunt pe primul loc.<\/p>\n","protected":false},"excerpt":{"rendered":"<p>Vara este anotimpul bucuriei, al vacan\u021belor prelungite pline de vitalitate \u0219i bun\u0103 dispozi\u021bie, dar \u0219i al provoc\u0103rilor pentru corpul t\u0103u. Soarele, desi arz\u0103tor \u00een orele amiezii, este un bun motiv pentru a ie\u0219i mai des din cas\u0103. Vacan\u021bele au rolul de a re\u00eencarca emo\u021bional, iar&#8230;<\/p>\n","protected":false},"author":2,"featured_media":1833,"comment_status":"open","ping_status":"open","sticky":false,"template":"","format":"standard","meta":{"footnotes":""},"categories":[67,73],"tags":[82,499,498,334,145,455,106,108,458],"class_list":["post-1829","post","type-post","status-publish","format-standard","has-post-thumbnail","hentry","category-extracte-din-plante","category-sanatate","tag-alimentatie-sanatoasa","tag-carbune-activat-nutrific","tag-carbune-medicinal-nutrific","tag-colagen","tag-omega-3","tag-shilajit","tag-suplimente-nutrific","tag-vitamina-d","tag-vitamina-d3k2"],"yoast_head":"<!-- This site is optimized with the Yoast SEO plugin v27.5 - https:\/\/yoast.com\/product\/yoast-seo-wordpress\/ -->\n<title>Top 5 suplimente Nutrific esen\u021biale vara aceasta \u2013 ce nu ar trebui s\u0103 lipseasc\u0103 din bagajul t\u0103u - Nutrific Blog<\/title>\n<meta name=\"description\" content=\"Pleci \u00een concediu? Descoper\u0103 top 5 suplimente Nutrific esen\u021biale vara aceasta \u2013 ce nu ar trebui s\u0103 lipseasc\u0103 din bagajul t\u0103u\" \/>\n<meta name=\"robots\" content=\"index, follow, max-snippet:-1, max-image-preview:large, max-video-preview:-1\" \/>\n<link rel=\"canonical\" href=\"https:\/\/www.nutrific.ro\/blog\/top-5-suplimente-nutrific-esentiale-vara-aceasta\/\" \/>\n<meta property=\"og:locale\" content=\"ro_RO\" \/>\n<meta property=\"og:type\" content=\"article\" \/>\n<meta property=\"og:title\" content=\"Top 5 suplimente Nutrific esen\u021biale vara aceasta \u2013 ce nu ar trebui s\u0103 lipseasc\u0103 din bagajul t\u0103u - Nutrific Blog\" \/>\n<meta property=\"og:description\" content=\"Pleci \u00een concediu? Descoper\u0103 top 5 suplimente Nutrific esen\u021biale vara aceasta \u2013 ce nu ar trebui s\u0103 lipseasc\u0103 din bagajul t\u0103u\" \/>\n<meta property=\"og:url\" content=\"https:\/\/www.nutrific.ro\/blog\/top-5-suplimente-nutrific-esentiale-vara-aceasta\/\" \/>\n<meta property=\"og:site_name\" content=\"Nutrific Blog\" \/>\n<meta property=\"article:publisher\" content=\"https:\/\/www.facebook.com\/program.nutrific\" \/>\n<meta property=\"article:published_time\" content=\"2025-08-15T04:28:07+00:00\" \/>\n<meta property=\"article:modified_time\" content=\"2025-08-15T04:28:09+00:00\" \/>\n<meta property=\"og:image\" content=\"https:\/\/www.nutrific.ro\/blog\/wp-content\/uploads\/2025\/08\/Top-5-suplimente-Nutrific-esentiale-vara-aceasta-\u2013-ce-nu-ar-trebui-sa-lipseasca-din-bagajul-tau-deschidere.png\" \/>\n\t<meta property=\"og:image:width\" content=\"1200\" \/>\n\t<meta property=\"og:image:height\" content=\"675\" \/>\n\t<meta property=\"og:image:type\" content=\"image\/png\" \/>\n<meta name=\"author\" content=\"Istrate Mihaela\" \/>\n<meta name=\"twitter:card\" content=\"summary_large_image\" \/>\n<meta name=\"twitter:label1\" content=\"Scris de\" \/>\n\t<meta name=\"twitter:data1\" content=\"Istrate Mihaela\" \/>\n\t<meta name=\"twitter:label2\" content=\"Timp estimat pentru citire\" \/>\n\t<meta name=\"twitter:data2\" content=\"18 minute\" \/>\n<script type=\"application\/ld+json\" class=\"yoast-schema-graph\">{\"@context\":\"https:\\\/\\\/schema.org\",\"@graph\":[{\"@type\":\"Article\",\"@id\":\"https:\\\/\\\/www.nutrific.ro\\\/blog\\\/top-5-suplimente-nutrific-esentiale-vara-aceasta\\\/#article\",\"isPartOf\":{\"@id\":\"https:\\\/\\\/www.nutrific.ro\\\/blog\\\/top-5-suplimente-nutrific-esentiale-vara-aceasta\\\/\"},\"author\":{\"name\":\"Istrate Mihaela\",\"@id\":\"https:\\\/\\\/www.nutrific.ro\\\/blog\\\/#\\\/schema\\\/person\\\/13c2838bb7d9f2ff873ffee2cd1b6894\"},\"headline\":\"Top 5 suplimente Nutrific esen\u021biale vara aceasta \u2013 ce nu ar trebui s\u0103 lipseasc\u0103 din bagajul t\u0103u\",\"datePublished\":\"2025-08-15T04:28:07+00:00\",\"dateModified\":\"2025-08-15T04:28:09+00:00\",\"mainEntityOfPage\":{\"@id\":\"https:\\\/\\\/www.nutrific.ro\\\/blog\\\/top-5-suplimente-nutrific-esentiale-vara-aceasta\\\/\"},\"wordCount\":3383,\"commentCount\":0,\"publisher\":{\"@id\":\"https:\\\/\\\/www.nutrific.ro\\\/blog\\\/#organization\"},\"image\":{\"@id\":\"https:\\\/\\\/www.nutrific.ro\\\/blog\\\/top-5-suplimente-nutrific-esentiale-vara-aceasta\\\/#primaryimage\"},\"thumbnailUrl\":\"https:\\\/\\\/www.nutrific.ro\\\/blog\\\/wp-content\\\/uploads\\\/2025\\\/08\\\/Top-5-suplimente-Nutrific-esentiale-vara-aceasta-\u2013-ce-nu-ar-trebui-sa-lipseasca-din-bagajul-tau-deschidere.png\",\"keywords\":[\"alimenta\u021bie s\u0103n\u0103toas\u0103\",\"c\u0103rbune activat Nutrific\",\"c\u0103rbune medicinal Nutrific\",\"colagen\",\"omega 3\",\"shilajit\",\"suplimente Nutrific\",\"vitamina D\",\"vitamina D3+k2\"],\"articleSection\":[\"Extracte din plante\",\"Sanatate\"],\"inLanguage\":\"ro-RO\",\"potentialAction\":[{\"@type\":\"CommentAction\",\"name\":\"Comment\",\"target\":[\"https:\\\/\\\/www.nutrific.ro\\\/blog\\\/top-5-suplimente-nutrific-esentiale-vara-aceasta\\\/#respond\"]}]},{\"@type\":\"WebPage\",\"@id\":\"https:\\\/\\\/www.nutrific.ro\\\/blog\\\/top-5-suplimente-nutrific-esentiale-vara-aceasta\\\/\",\"url\":\"https:\\\/\\\/www.nutrific.ro\\\/blog\\\/top-5-suplimente-nutrific-esentiale-vara-aceasta\\\/\",\"name\":\"Top 5 suplimente Nutrific esen\u021biale vara aceasta \u2013 ce nu ar trebui s\u0103 lipseasc\u0103 din bagajul t\u0103u - Nutrific Blog\",\"isPartOf\":{\"@id\":\"https:\\\/\\\/www.nutrific.ro\\\/blog\\\/#website\"},\"primaryImageOfPage\":{\"@id\":\"https:\\\/\\\/www.nutrific.ro\\\/blog\\\/top-5-suplimente-nutrific-esentiale-vara-aceasta\\\/#primaryimage\"},\"image\":{\"@id\":\"https:\\\/\\\/www.nutrific.ro\\\/blog\\\/top-5-suplimente-nutrific-esentiale-vara-aceasta\\\/#primaryimage\"},\"thumbnailUrl\":\"https:\\\/\\\/www.nutrific.ro\\\/blog\\\/wp-content\\\/uploads\\\/2025\\\/08\\\/Top-5-suplimente-Nutrific-esentiale-vara-aceasta-\u2013-ce-nu-ar-trebui-sa-lipseasca-din-bagajul-tau-deschidere.png\",\"datePublished\":\"2025-08-15T04:28:07+00:00\",\"dateModified\":\"2025-08-15T04:28:09+00:00\",\"description\":\"Pleci \u00een concediu? Descoper\u0103 top 5 suplimente Nutrific esen\u021biale vara aceasta \u2013 ce nu ar trebui s\u0103 lipseasc\u0103 din bagajul t\u0103u\",\"breadcrumb\":{\"@id\":\"https:\\\/\\\/www.nutrific.ro\\\/blog\\\/top-5-suplimente-nutrific-esentiale-vara-aceasta\\\/#breadcrumb\"},\"inLanguage\":\"ro-RO\",\"potentialAction\":[{\"@type\":\"ReadAction\",\"target\":[\"https:\\\/\\\/www.nutrific.ro\\\/blog\\\/top-5-suplimente-nutrific-esentiale-vara-aceasta\\\/\"]}]},{\"@type\":\"ImageObject\",\"inLanguage\":\"ro-RO\",\"@id\":\"https:\\\/\\\/www.nutrific.ro\\\/blog\\\/top-5-suplimente-nutrific-esentiale-vara-aceasta\\\/#primaryimage\",\"url\":\"https:\\\/\\\/www.nutrific.ro\\\/blog\\\/wp-content\\\/uploads\\\/2025\\\/08\\\/Top-5-suplimente-Nutrific-esentiale-vara-aceasta-\u2013-ce-nu-ar-trebui-sa-lipseasca-din-bagajul-tau-deschidere.png\",\"contentUrl\":\"https:\\\/\\\/www.nutrific.ro\\\/blog\\\/wp-content\\\/uploads\\\/2025\\\/08\\\/Top-5-suplimente-Nutrific-esentiale-vara-aceasta-\u2013-ce-nu-ar-trebui-sa-lipseasca-din-bagajul-tau-deschidere.png\",\"width\":1200,\"height\":675},{\"@type\":\"BreadcrumbList\",\"@id\":\"https:\\\/\\\/www.nutrific.ro\\\/blog\\\/top-5-suplimente-nutrific-esentiale-vara-aceasta\\\/#breadcrumb\",\"itemListElement\":[{\"@type\":\"ListItem\",\"position\":1,\"name\":\"Prima pagin\u0103\",\"item\":\"https:\\\/\\\/www.nutrific.ro\\\/blog\\\/\"},{\"@type\":\"ListItem\",\"position\":2,\"name\":\"Top 5 suplimente Nutrific esen\u021biale vara aceasta \u2013 ce nu ar trebui s\u0103 lipseasc\u0103 din bagajul t\u0103u\"}]},{\"@type\":\"WebSite\",\"@id\":\"https:\\\/\\\/www.nutrific.ro\\\/blog\\\/#website\",\"url\":\"https:\\\/\\\/www.nutrific.ro\\\/blog\\\/\",\"name\":\"Nutrific Blog\",\"description\":\"Nutri\u021bie \u0219i \u0219tiin\u021b\u0103\",\"publisher\":{\"@id\":\"https:\\\/\\\/www.nutrific.ro\\\/blog\\\/#organization\"},\"potentialAction\":[{\"@type\":\"SearchAction\",\"target\":{\"@type\":\"EntryPoint\",\"urlTemplate\":\"https:\\\/\\\/www.nutrific.ro\\\/blog\\\/?s={search_term_string}\"},\"query-input\":{\"@type\":\"PropertyValueSpecification\",\"valueRequired\":true,\"valueName\":\"search_term_string\"}}],\"inLanguage\":\"ro-RO\"},{\"@type\":\"Organization\",\"@id\":\"https:\\\/\\\/www.nutrific.ro\\\/blog\\\/#organization\",\"name\":\"Nutrific\",\"url\":\"https:\\\/\\\/www.nutrific.ro\\\/blog\\\/\",\"logo\":{\"@type\":\"ImageObject\",\"inLanguage\":\"ro-RO\",\"@id\":\"https:\\\/\\\/www.nutrific.ro\\\/blog\\\/#\\\/schema\\\/logo\\\/image\\\/\",\"url\":\"https:\\\/\\\/www.nutrific.ro\\\/blog\\\/wp-content\\\/uploads\\\/2022\\\/03\\\/logo-nutrific-general-webcolor.png\",\"contentUrl\":\"https:\\\/\\\/www.nutrific.ro\\\/blog\\\/wp-content\\\/uploads\\\/2022\\\/03\\\/logo-nutrific-general-webcolor.png\",\"width\":928,\"height\":599,\"caption\":\"Nutrific\"},\"image\":{\"@id\":\"https:\\\/\\\/www.nutrific.ro\\\/blog\\\/#\\\/schema\\\/logo\\\/image\\\/\"},\"sameAs\":[\"https:\\\/\\\/www.facebook.com\\\/program.nutrific\"]},{\"@type\":\"Person\",\"@id\":\"https:\\\/\\\/www.nutrific.ro\\\/blog\\\/#\\\/schema\\\/person\\\/13c2838bb7d9f2ff873ffee2cd1b6894\",\"name\":\"Istrate Mihaela\",\"image\":{\"@type\":\"ImageObject\",\"inLanguage\":\"ro-RO\",\"@id\":\"https:\\\/\\\/secure.gravatar.com\\\/avatar\\\/d184eac01891c49ef73f25cca7c7211b5872c9fc50cbdbbd024a929d256a362c?s=96&d=mm&r=g\",\"url\":\"https:\\\/\\\/secure.gravatar.com\\\/avatar\\\/d184eac01891c49ef73f25cca7c7211b5872c9fc50cbdbbd024a929d256a362c?s=96&d=mm&r=g\",\"contentUrl\":\"https:\\\/\\\/secure.gravatar.com\\\/avatar\\\/d184eac01891c49ef73f25cca7c7211b5872c9fc50cbdbbd024a929d256a362c?s=96&d=mm&r=g\",\"caption\":\"Istrate Mihaela\"},\"url\":\"https:\\\/\\\/www.nutrific.ro\\\/blog\\\/author\\\/mihaela\\\/\"}]}<\/script>\n<!-- \/ Yoast SEO plugin. -->","yoast_head_json":{"title":"Top 5 suplimente Nutrific esen\u021biale vara aceasta \u2013 ce nu ar trebui s\u0103 lipseasc\u0103 din bagajul t\u0103u - Nutrific Blog","description":"Pleci \u00een concediu? Descoper\u0103 top 5 suplimente Nutrific esen\u021biale vara aceasta \u2013 ce nu ar trebui s\u0103 lipseasc\u0103 din bagajul t\u0103u","robots":{"index":"index","follow":"follow","max-snippet":"max-snippet:-1","max-image-preview":"max-image-preview:large","max-video-preview":"max-video-preview:-1"},"canonical":"https:\/\/www.nutrific.ro\/blog\/top-5-suplimente-nutrific-esentiale-vara-aceasta\/","og_locale":"ro_RO","og_type":"article","og_title":"Top 5 suplimente Nutrific esen\u021biale vara aceasta \u2013 ce nu ar trebui s\u0103 lipseasc\u0103 din bagajul t\u0103u - Nutrific Blog","og_description":"Pleci \u00een concediu? Descoper\u0103 top 5 suplimente Nutrific esen\u021biale vara aceasta \u2013 ce nu ar trebui s\u0103 lipseasc\u0103 din bagajul t\u0103u","og_url":"https:\/\/www.nutrific.ro\/blog\/top-5-suplimente-nutrific-esentiale-vara-aceasta\/","og_site_name":"Nutrific Blog","article_publisher":"https:\/\/www.facebook.com\/program.nutrific","article_published_time":"2025-08-15T04:28:07+00:00","article_modified_time":"2025-08-15T04:28:09+00:00","og_image":[{"width":1200,"height":675,"url":"https:\/\/www.nutrific.ro\/blog\/wp-content\/uploads\/2025\/08\/Top-5-suplimente-Nutrific-esentiale-vara-aceasta-\u2013-ce-nu-ar-trebui-sa-lipseasca-din-bagajul-tau-deschidere.png","type":"image\/png"}],"author":"Istrate Mihaela","twitter_card":"summary_large_image","twitter_misc":{"Scris de":"Istrate Mihaela","Timp estimat pentru citire":"18 minute"},"schema":{"@context":"https:\/\/schema.org","@graph":[{"@type":"Article","@id":"https:\/\/www.nutrific.ro\/blog\/top-5-suplimente-nutrific-esentiale-vara-aceasta\/#article","isPartOf":{"@id":"https:\/\/www.nutrific.ro\/blog\/top-5-suplimente-nutrific-esentiale-vara-aceasta\/"},"author":{"name":"Istrate Mihaela","@id":"https:\/\/www.nutrific.ro\/blog\/#\/schema\/person\/13c2838bb7d9f2ff873ffee2cd1b6894"},"headline":"Top 5 suplimente Nutrific esen\u021biale vara aceasta \u2013 ce nu ar trebui s\u0103 lipseasc\u0103 din bagajul t\u0103u","datePublished":"2025-08-15T04:28:07+00:00","dateModified":"2025-08-15T04:28:09+00:00","mainEntityOfPage":{"@id":"https:\/\/www.nutrific.ro\/blog\/top-5-suplimente-nutrific-esentiale-vara-aceasta\/"},"wordCount":3383,"commentCount":0,"publisher":{"@id":"https:\/\/www.nutrific.ro\/blog\/#organization"},"image":{"@id":"https:\/\/www.nutrific.ro\/blog\/top-5-suplimente-nutrific-esentiale-vara-aceasta\/#primaryimage"},"thumbnailUrl":"https:\/\/www.nutrific.ro\/blog\/wp-content\/uploads\/2025\/08\/Top-5-suplimente-Nutrific-esentiale-vara-aceasta-\u2013-ce-nu-ar-trebui-sa-lipseasca-din-bagajul-tau-deschidere.png","keywords":["alimenta\u021bie s\u0103n\u0103toas\u0103","c\u0103rbune activat Nutrific","c\u0103rbune medicinal Nutrific","colagen","omega 3","shilajit","suplimente Nutrific","vitamina D","vitamina D3+k2"],"articleSection":["Extracte din plante","Sanatate"],"inLanguage":"ro-RO","potentialAction":[{"@type":"CommentAction","name":"Comment","target":["https:\/\/www.nutrific.ro\/blog\/top-5-suplimente-nutrific-esentiale-vara-aceasta\/#respond"]}]},{"@type":"WebPage","@id":"https:\/\/www.nutrific.ro\/blog\/top-5-suplimente-nutrific-esentiale-vara-aceasta\/","url":"https:\/\/www.nutrific.ro\/blog\/top-5-suplimente-nutrific-esentiale-vara-aceasta\/","name":"Top 5 suplimente Nutrific esen\u021biale vara aceasta \u2013 ce nu ar trebui s\u0103 lipseasc\u0103 din bagajul t\u0103u - Nutrific Blog","isPartOf":{"@id":"https:\/\/www.nutrific.ro\/blog\/#website"},"primaryImageOfPage":{"@id":"https:\/\/www.nutrific.ro\/blog\/top-5-suplimente-nutrific-esentiale-vara-aceasta\/#primaryimage"},"image":{"@id":"https:\/\/www.nutrific.ro\/blog\/top-5-suplimente-nutrific-esentiale-vara-aceasta\/#primaryimage"},"thumbnailUrl":"https:\/\/www.nutrific.ro\/blog\/wp-content\/uploads\/2025\/08\/Top-5-suplimente-Nutrific-esentiale-vara-aceasta-\u2013-ce-nu-ar-trebui-sa-lipseasca-din-bagajul-tau-deschidere.png","datePublished":"2025-08-15T04:28:07+00:00","dateModified":"2025-08-15T04:28:09+00:00","description":"Pleci \u00een concediu? Descoper\u0103 top 5 suplimente Nutrific esen\u021biale vara aceasta \u2013 ce nu ar trebui s\u0103 lipseasc\u0103 din bagajul t\u0103u","breadcrumb":{"@id":"https:\/\/www.nutrific.ro\/blog\/top-5-suplimente-nutrific-esentiale-vara-aceasta\/#breadcrumb"},"inLanguage":"ro-RO","potentialAction":[{"@type":"ReadAction","target":["https:\/\/www.nutrific.ro\/blog\/top-5-suplimente-nutrific-esentiale-vara-aceasta\/"]}]},{"@type":"ImageObject","inLanguage":"ro-RO","@id":"https:\/\/www.nutrific.ro\/blog\/top-5-suplimente-nutrific-esentiale-vara-aceasta\/#primaryimage","url":"https:\/\/www.nutrific.ro\/blog\/wp-content\/uploads\/2025\/08\/Top-5-suplimente-Nutrific-esentiale-vara-aceasta-\u2013-ce-nu-ar-trebui-sa-lipseasca-din-bagajul-tau-deschidere.png","contentUrl":"https:\/\/www.nutrific.ro\/blog\/wp-content\/uploads\/2025\/08\/Top-5-suplimente-Nutrific-esentiale-vara-aceasta-\u2013-ce-nu-ar-trebui-sa-lipseasca-din-bagajul-tau-deschidere.png","width":1200,"height":675},{"@type":"BreadcrumbList","@id":"https:\/\/www.nutrific.ro\/blog\/top-5-suplimente-nutrific-esentiale-vara-aceasta\/#breadcrumb","itemListElement":[{"@type":"ListItem","position":1,"name":"Prima pagin\u0103","item":"https:\/\/www.nutrific.ro\/blog\/"},{"@type":"ListItem","position":2,"name":"Top 5 suplimente Nutrific esen\u021biale vara aceasta \u2013 ce nu ar trebui s\u0103 lipseasc\u0103 din bagajul t\u0103u"}]},{"@type":"WebSite","@id":"https:\/\/www.nutrific.ro\/blog\/#website","url":"https:\/\/www.nutrific.ro\/blog\/","name":"Nutrific Blog","description":"Nutri\u021bie \u0219i \u0219tiin\u021b\u0103","publisher":{"@id":"https:\/\/www.nutrific.ro\/blog\/#organization"},"potentialAction":[{"@type":"SearchAction","target":{"@type":"EntryPoint","urlTemplate":"https:\/\/www.nutrific.ro\/blog\/?s={search_term_string}"},"query-input":{"@type":"PropertyValueSpecification","valueRequired":true,"valueName":"search_term_string"}}],"inLanguage":"ro-RO"},{"@type":"Organization","@id":"https:\/\/www.nutrific.ro\/blog\/#organization","name":"Nutrific","url":"https:\/\/www.nutrific.ro\/blog\/","logo":{"@type":"ImageObject","inLanguage":"ro-RO","@id":"https:\/\/www.nutrific.ro\/blog\/#\/schema\/logo\/image\/","url":"https:\/\/www.nutrific.ro\/blog\/wp-content\/uploads\/2022\/03\/logo-nutrific-general-webcolor.png","contentUrl":"https:\/\/www.nutrific.ro\/blog\/wp-content\/uploads\/2022\/03\/logo-nutrific-general-webcolor.png","width":928,"height":599,"caption":"Nutrific"},"image":{"@id":"https:\/\/www.nutrific.ro\/blog\/#\/schema\/logo\/image\/"},"sameAs":["https:\/\/www.facebook.com\/program.nutrific"]},{"@type":"Person","@id":"https:\/\/www.nutrific.ro\/blog\/#\/schema\/person\/13c2838bb7d9f2ff873ffee2cd1b6894","name":"Istrate Mihaela","image":{"@type":"ImageObject","inLanguage":"ro-RO","@id":"https:\/\/secure.gravatar.com\/avatar\/d184eac01891c49ef73f25cca7c7211b5872c9fc50cbdbbd024a929d256a362c?s=96&d=mm&r=g","url":"https:\/\/secure.gravatar.com\/avatar\/d184eac01891c49ef73f25cca7c7211b5872c9fc50cbdbbd024a929d256a362c?s=96&d=mm&r=g","contentUrl":"https:\/\/secure.gravatar.com\/avatar\/d184eac01891c49ef73f25cca7c7211b5872c9fc50cbdbbd024a929d256a362c?s=96&d=mm&r=g","caption":"Istrate Mihaela"},"url":"https:\/\/www.nutrific.ro\/blog\/author\/mihaela\/"}]}},"_links":{"self":[{"href":"https:\/\/www.nutrific.ro\/blog\/wp-json\/wp\/v2\/posts\/1829","targetHints":{"allow":["GET"]}}],"collection":[{"href":"https:\/\/www.nutrific.ro\/blog\/wp-json\/wp\/v2\/posts"}],"about":[{"href":"https:\/\/www.nutrific.ro\/blog\/wp-json\/wp\/v2\/types\/post"}],"author":[{"embeddable":true,"href":"https:\/\/www.nutrific.ro\/blog\/wp-json\/wp\/v2\/users\/2"}],"replies":[{"embeddable":true,"href":"https:\/\/www.nutrific.ro\/blog\/wp-json\/wp\/v2\/comments?post=1829"}],"version-history":[{"count":3,"href":"https:\/\/www.nutrific.ro\/blog\/wp-json\/wp\/v2\/posts\/1829\/revisions"}],"predecessor-version":[{"id":1835,"href":"https:\/\/www.nutrific.ro\/blog\/wp-json\/wp\/v2\/posts\/1829\/revisions\/1835"}],"wp:featuredmedia":[{"embeddable":true,"href":"https:\/\/www.nutrific.ro\/blog\/wp-json\/wp\/v2\/media\/1833"}],"wp:attachment":[{"href":"https:\/\/www.nutrific.ro\/blog\/wp-json\/wp\/v2\/media?parent=1829"}],"wp:term":[{"taxonomy":"category","embeddable":true,"href":"https:\/\/www.nutrific.ro\/blog\/wp-json\/wp\/v2\/categories?post=1829"},{"taxonomy":"post_tag","embeddable":true,"href":"https:\/\/www.nutrific.ro\/blog\/wp-json\/wp\/v2\/tags?post=1829"}],"curies":[{"name":"wp","href":"https:\/\/api.w.org\/{rel}","templated":true}]}}